{"id":155,"date":"2012-09-20T09:53:00","date_gmt":"2012-09-20T09:53:00","guid":{"rendered":"http:\/\/www.lilec.it\/cisq\/wp\/?p=155"},"modified":"2012-09-20T09:56:04","modified_gmt":"2012-09-20T09:56:04","slug":"1ers-etats-generaux-des-etudes-quebecoises-en-italie-et-perspective-europeenne-bologna-1-2-octobre-2012","status":"publish","type":"post","link":"http:\/\/www.lilec.it\/cisq\/1ers-etats-generaux-des-etudes-quebecoises-en-italie-et-perspective-europeenne-bologna-1-2-octobre-2012\/","title":{"rendered":"1ers Etats g\u00e9n\u00e9raux des \u00e9tudes qu\u00e9b\u00e9coises en Italie et perspective europ\u00e9enne (Bologna, 1-2 octobre 2012)"},"content":{"rendered":"<p><!--more--><br \/>\nRelatori<\/p>\n<p>Luogo<\/p>\n<p>Risorse<\/p>\n","protected":false},"excerpt":{"rendered":"","protected":false},"author":6,"featured_media":0,"comment_status":"open","ping_status":"open","sticky":false,"template":"","format":"standard","meta":{"footnotes":""},"categories":[10,6],"tags":[],"class_list":["post-155","post","type-post","status-publish","format-standard","hentry","category-10","category-eventi"],"_links":{"self":[{"href":"http:\/\/www.lilec.it\/cisq\/wp-json\/wp\/v2\/posts\/155"}],"collection":[{"href":"http:\/\/www.lilec.it\/cisq\/wp-json\/wp\/v2\/posts"}],"about":[{"href":"http:\/\/www.lilec.it\/cisq\/wp-json\/wp\/v2\/types\/post"}],"author":[{"embeddable":true,"href":"http:\/\/www.lilec.it\/cisq\/wp-json\/wp\/v2\/users\/6"}],"replies":[{"embeddable":true,"href":"http:\/\/www.lilec.it\/cisq\/wp-json\/wp\/v2\/comments?post=155"}],"version-history":[{"count":6,"href":"http:\/\/www.lilec.it\/cisq\/wp-json\/wp\/v2\/posts\/155\/revisions"}],"predecessor-version":[{"id":161,"href":"http:\/\/www.lilec.it\/cisq\/wp-json\/wp\/v2\/posts\/155\/revisions\/161"}],"wp:attachment":[{"href":"http:\/\/www.lilec.it\/cisq\/wp-json\/wp\/v2\/media?parent=155"}],"wp:term":[{"taxonomy":"category","embeddable":true,"href":"http:\/\/www.lilec.it\/cisq\/wp-json\/wp\/v2\/categories?post=155"},{"taxonomy":"post_tag","embeddable":true,"href":"http:\/\/www.lilec.it\/cisq\/wp-json\/wp\/v2\/tags?post=155"}],"curies":[{"name":"wp","href":"https:\/\/api.w.org\/{rel}","templated":true}]}}