{"id":479,"date":"2016-11-22T19:25:32","date_gmt":"2016-11-22T18:25:32","guid":{"rendered":"http:\/\/www.lilec.it\/cisq\/wp\/?p=479"},"modified":"2016-12-13T15:02:21","modified_gmt":"2016-12-13T14:02:21","slug":"kirouac-massicotte-isabelle","status":"publish","type":"post","link":"http:\/\/www.lilec.it\/cisq\/kirouac-massicotte-isabelle\/","title":{"rendered":"Kirouac Massicotte Isabelle"},"content":{"rendered":"<p><!--more--><\/p>\n<p>Curriculum Vitae<\/p>\n<p>Apr\u00e8s avoir compl\u00e9t\u00e9 un m\u00e9moire de ma\u00eetrise en \u00e9tudes litt\u00e9raires\u00a0intitul\u00e9 \u00ab Sur le seuil de l&#8217;atelier : les carnets (1947-1949) d&#8217;Hubert Aquin\u00a0\u00bb \u00e0 l&#8217;Universit\u00e9 du Qu\u00e9bec \u00e0 Montr\u00e9al, Isabelle Kirouac Massicotte obtient le grade PhD \u00e0 l&#8217;Universit\u00e9 d&#8217;Ottawa, apr\u00e8s avoir soutenu sa th\u00e8se dont le titre est \u00ab Des mines litt\u00e9raires : \u00e9tude chronotopique de l&#8217;imaginaire minier dans les litt\u00e9ratures abitibienne et franco-ontarienne \u00bb. Elle a enseign\u00e9 la langue fran\u00e7aise \u00e0 l&#8217;Universit\u00e9 d&#8217;Ottawa avant d&#8217;\u00eatre choisie comme lectrice d&#8217;\u00e9change canadienne \u00e0 l&#8217;Universit\u00e9 de Bologne en 2016. Elle coordonne les activit\u00e9s du CISQ et enseigne la litt\u00e9rature qu\u00e9b\u00e9coise. Sp\u00e9cialiste des litt\u00e9ratures qu\u00e9b\u00e9coise et franco-canadiennes, elle est membre associ\u00e9e de la Chaire de recherche sur les cultures et les litt\u00e9ratures francophones du Canada dirig\u00e9e par Lucie Hotte et elle est \u00e9galement affili\u00e9e \u00e0 Figura, centre de recherche sur le texte et l&#8217;imaginaire, dirig\u00e9 par V\u00e9ronique Cnockaert. Elle est r\u00e9viseure pour la revue num\u00e9rique de recherche-cr\u00e9ation\u00a0<em>Le Crachoir de Flaubert<\/em> et elle a d\u00e9j\u00e0 publi\u00e9 chez\u00a0<em>Voix et images<\/em>, Figura et Perce-neige. Elle travaille actuellement \u00e0 la publication d&#8217;un ouvrage collectif portant sur l&#8217;espace-temps dans les litt\u00e9ratures p\u00e9riph\u00e9riques du Canada, \u00e0 para\u00eetre aux \u00e9ditions David en 2017. Elle poursuit ses recherches sur la question de la r\u00e9gionalit\u00e9 dans la litt\u00e9rature qu\u00e9b\u00e9coise ainsi que sur l&#8217;imaginaire minier, plus particuli\u00e8rement sur l&#8217;id\u00e9e d&#8217;une mine transnationale.<\/p>\n<p>Pubblicazioni<\/p>\n<p>\u00ab Pistes bibliographiques \u00bb, dans la chronique \u00ab Les archives du vent 3 \u00bb, <em>Tangence<\/em>, no 95, hiver 2011, p. 91-99.<\/p>\n<p>\u00ab Bibliographie d&#8217;Hubert Aquin. Mise \u00e0 jour 1997-2012 \u00bb, <em>Voix et Images<\/em>, Montr\u00e9al, vol. 38, no\u00a01, automne 2012, p. 101-110.<\/p>\n<p>\u00ab <em>L&#8217;Odyss\u00e9e am\u00e9ricaine<\/em>. Les d\u00e9buts diaristiques d&#8217;Hubert Aquin\u00a0\u00bb, <em>Voix et Images<\/em>, Montr\u00e9al vol.\u00a038, no\u00a01, automne 2012, p.\u00a013-26.<\/p>\n<p>\u00ab Pistes bibliographiques \u00bb, dans la chronique \u00ab Les archives du vent 4 \u00bb, <em>Tangence<\/em>, no 101, 2013, 31 f.<\/p>\n<p>\u00ab\u00a0Spirit Lake. Un camp de concentration au c\u0153ur de la for\u00eat abitibienne\u00a0\u00bb, dans Daniel Chartier, Marie Parent et St\u00e9phanie Valli\u00e8res (dirs), <em>L&#8217;id\u00e9e du lieu<\/em>, Centre de recherche sur le texte et l&#8217;imaginaire, <em>Figura<\/em>, Universit\u00e9 du Qu\u00e9bec \u00e0 Montr\u00e9al, \u00ab Cahiers Figura \u00bb, 2014, 18 f.<\/p>\n<p>\u00ab\u00a0Bo\u00eete \u00e0 outils et \u00e9clatement des genres \u00bb, compte rendu de <em>\u00a0Essais sur le roman<\/em> de Michel Butor, <em>Crachoir de Flaubert<\/em>, 12 mai 2014, en ligne.<\/p>\n<p>\u00ab\u00a0&#8220;Je serai encore capable d&#8217;\u00e9crire un jour&#8221; : le journal de Kafka\u00a0\u00bb, compte rendu du <em>Journal<\/em> de Franz Kafka, <em>Crachoir de Flaubert<\/em>, 19 novembre 2014, en ligne.<\/p>\n<p>\u00ab\u00a0Les <em>Ciels m\u00e9tiss\u00e9s <\/em>de Louise Desjardins : l&#8217;Abitibi d&#8217;un monde \u00e0 l&#8217;autre\u00a0\u00bb, compte rendu des <em>Ciels m\u00e9tiss\u00e9s <\/em>de Louise Desjardins, <em>L&#8217;Indice boh\u00e9mien. Journal culturel de l&#8217;Abitibi-T\u00e9miscamingue<\/em>, d\u00e9cembre 2014-janvier 2015, p. 9.<\/p>\n<p>\u00ab\u00a0Les discours de Gabriel Garc\u00eda M\u00e1rquez\u00a0: vers l&#8217;\u00e9criture d&#8217;une utopie de la vie\u00a0\u00bb, compte rendu de <em>Je ne suis pas ici pour faire un discours<\/em> de Gabriel Garc\u00eda M\u00e1rquez, <em>Crachoir de Flaubert<\/em>, 11 f\u00e9vrier 2015, en ligne.<\/p>\n<p>\u00ab Le r\u00e9cit des origines : cosmogonie mini\u00e8re et rituel dans <em>Les h\u00e9ritiers de la mine <\/em>de Jocelyne Saucier \u00bb, Jimmy Thibeault (dir), <em>Franchir les fronti\u00e8res de l&#8217;exigu\u00eft\u00e9<\/em>, Moncton, \u00c9ditions Perce-Neige, 2016, 18 f.<\/p>\n<p>\u00ab\u00a0Projet Mila\u00a0\u00bb, extrait d\u02bcun r\u00e9cit po\u00e9tique, <em>Crachoir de Flaubert<\/em>, 17 f\u00e9vrier 2016, en ligne.<\/p>\n<p>\u00ab\u00a0De la colonisation \u00e0 la prospection mini\u00e8re : la question de la <em>frontier <\/em>dans \u201cLe r\u00eave d\u02bcun g\u00e9ant\u201d de Jeanne-Mance Delisle\u00a0\u00bb,\u00a0<em>Canadian Literature<\/em>, en ligne,\u00a0http:\/\/canlit.ca\/awards-prizes\/acql-papers\/acql-2014-winner-isabelle-kirouac-massicotte\/.<\/p>\n<p>\u00ab\u00a0La litt\u00e9rature du vacuum, un concept p\u00e9renne?\u00a0\u00bb, compte rendu de <em>La litt\u00e9rature du vacuum\u00a0: la gen\u00e8se de la litt\u00e9rature franco-ontarienne<\/em> de Gaston Tremblay, <em>Minorit\u00e9s linguistiques et soci\u00e9t\u00e9<\/em>, \u00e0 para\u00eetre.<\/p>\n<p>\u00ab Hubert Aquin. Profession : diariste \u00bb, Sophie Marcotte (dir.), ouvrage collectif sur les archives d&#8217;\u00e9crivains canadiens de langue fran\u00e7aise, Ottawa, Presses de l&#8217;Universit\u00e9 d&#8217;Ottawa, coll. \u00ab\u00a0Archives des lettres canadiennes \u00bb, 23 f., \u00e0 para\u00eetre en 2016.<\/p>\n<p>\u00ab\u00a0De la colonisation \u00e0 la prospection mini\u00e8re : la question de la <em>frontier <\/em>dans \u201cLe r\u00eave d\u02bcun g\u00e9ant\u201d de Jeanne-Mance Delisle\u00a0\u00bb, Emir Delic et Julie Delorme (dir.), <em>Alt\u00e9rations des fronti\u00e8res, fronti\u00e8res des alt\u00e9rations<\/em>, Ottawa, \u00c9ditions David, coll. \u00ab\u00a0Voix savantes\u00a0\u00bb, 21 f., \u00e0 para\u00eetre en 2016.<\/p>\n<p>\u00ab\u00a0Ottawa\u00a0: capitale culturelle franco-ontarienne?\u00a0\u00bb, \u00e9crit en collaboration avec Lucie Hotte et Jo\u00ebl Beddows, Anne Gilbert (dir.), <em>Ottawa\u00a0: lieu de vie fran\u00e7ais<\/em>, Ottawa, Presses de l\u02bcUniversit\u00e9 d\u02bcOttawa, coll. \u00ab\u00a0Am\u00e9rique fran\u00e7aise\u00a0\u00bb, 60 f., \u00e0 para\u00eetre en 2016.<\/p>\n<p>\u00ab\u00a0Passer de l&#8217;autre c\u00f4t\u00e9 de la fen\u00eatre : les personnages f\u00e9minins du n\u00e9oterroir dans <em>Nouvelles d&#8217;Abitibi <\/em>de Jeanne-Mance Delisle\u00a0\u00bb, <em>Qu\u00e9bec Studies<\/em>, 22 f., \u00e0 para\u00eetre en 2017.<\/p>\n<p>\u00ab\u00a0<em>La maison Cage <\/em>de Michel Ouellette\u00a0: le chronotope de la ville mini\u00e8re postindustrielle\u00a0\u00bb, Ariane Brun del Re, Isabelle Kirouac Massicotte et Mathieu Simard (dir.), <em>L<\/em><em>\u02bc<\/em><em>espace-temps dans les litt\u00e9ratures p\u00e9riph\u00e9riques du Canada<\/em>, Ottawa, \u00c9ditions David, coll. \u00ab\u00a0Voix savantes\u00a0\u00bb, 19 f., \u00e0 para\u00eetre en 2017.<\/p>\n<p><em>L<\/em><em>\u02bc<\/em><em>espace-temps dans les litt\u00e9ratures p\u00e9riph\u00e9riques du Canada<\/em>, en collaboration avec Mathieu Simard et Ariane Brun del Re, Ottawa, \u00c9ditions David, coll. \u00ab\u00a0Voix savantes\u00a0\u00bb, \u00e0 para\u00eetre en 2017.<\/p>\n<p>\u00ab Le kitsch et le trash comme traits de la r\u00e9gionalit\u00e9 : une lecture du recueil de nouvelles\u00a0<em>Maison des jeunes<\/em>\u00a0\u00bb, Louis B\u00e9langer (dir.), Titre \u00e0 venir, Moncton, \u00c9ditions Perce-Neige, \u00e0 para\u00eetre en 2017.<\/p>\n","protected":false},"excerpt":{"rendered":"","protected":false},"author":3,"featured_media":1021,"comment_status":"closed","ping_status":"open","sticky":false,"template":"","format":"standard","meta":{"footnotes":""},"categories":[4,12,14,5],"tags":[],"class_list":["post-479","post","type-post","status-publish","format-standard","has-post-thumbnail","hentry","category-curriculum-vitae","category-direzione","category-membri","category-pubblicazioni"],"_links":{"self":[{"href":"http:\/\/www.lilec.it\/cisq\/wp-json\/wp\/v2\/posts\/479"}],"collection":[{"href":"http:\/\/www.lilec.it\/cisq\/wp-json\/wp\/v2\/posts"}],"about":[{"href":"http:\/\/www.lilec.it\/cisq\/wp-json\/wp\/v2\/types\/post"}],"author":[{"embeddable":true,"href":"http:\/\/www.lilec.it\/cisq\/wp-json\/wp\/v2\/users\/3"}],"replies":[{"embeddable":true,"href":"http:\/\/www.lilec.it\/cisq\/wp-json\/wp\/v2\/comments?post=479"}],"version-history":[{"count":12,"href":"http:\/\/www.lilec.it\/cisq\/wp-json\/wp\/v2\/posts\/479\/revisions"}],"predecessor-version":[{"id":1020,"href":"http:\/\/www.lilec.it\/cisq\/wp-json\/wp\/v2\/posts\/479\/revisions\/1020"}],"wp:featuredmedia":[{"embeddable":true,"href":"http:\/\/www.lilec.it\/cisq\/wp-json\/wp\/v2\/media\/1021"}],"wp:attachment":[{"href":"http:\/\/www.lilec.it\/cisq\/wp-json\/wp\/v2\/media?parent=479"}],"wp:term":[{"taxonomy":"category","embeddable":true,"href":"http:\/\/www.lilec.it\/cisq\/wp-json\/wp\/v2\/categories?post=479"},{"taxonomy":"post_tag","embeddable":true,"href":"http:\/\/www.lilec.it\/cisq\/wp-json\/wp\/v2\/tags?post=479"}],"curies":[{"name":"wp","href":"https:\/\/api.w.org\/{rel}","templated":true}]}}