{"id":296,"date":"2017-03-01T18:50:47","date_gmt":"2017-03-01T17:50:47","guid":{"rendered":"http:\/\/www.lilec.it\/idear\/?p=296"},"modified":"2017-03-01T18:50:47","modified_gmt":"2017-03-01T17:50:47","slug":"9-marzo-il-corpo-della-traduzione-a-proposito-del-manuale-del-traduttore","status":"publish","type":"post","link":"http:\/\/www.lilec.it\/idear\/?p=296","title":{"rendered":"9 marzo: Il corpo della traduzione. A proposito del Manuale del traduttore"},"content":{"rendered":"<p>\u00c8 con molto piacere che vi invitiamo a partecipare al quarto incontro IDEAR dell\u2019a.a. 2016\/17.<\/p>\n<p>L\u2019incontro, che si terr\u00e0 <strong>gioved\u00ec 9 marzo alle ore 14.30<\/strong> in <strong>Sala Giunta<\/strong>, \u00e8 dedicato a presentare la ricerca\u00a0della collega Barbara Ivancic: <strong>&#8220;Il corpo della traduzione. A proposito del<em> Manuale del traduttore<\/em> (Ed. Bibliografica)&#8221;<\/strong>.<\/p>\n<p>Vi aspettiamo numerosi!<\/p>\n","protected":false},"excerpt":{"rendered":"<p>\u00c8 con molto piacere che vi invitiamo a partecipare al quarto incontro IDEAR dell\u2019a.a. 2016\/17. L\u2019incontro, che si terr\u00e0 gioved\u00ec 9 marzo alle ore 14.30 in Sala Giunta, \u00e8 dedicato a presentare la ricerca\u00a0della collega Barbara Ivancic: &#8220;Il corpo della &hellip; <a href=\"http:\/\/www.lilec.it\/idear\/?p=296\">Continua a leggere<span class=\"meta-nav\">&rarr;<\/span><\/a><\/p>\n","protected":false},"author":2,"featured_media":0,"comment_status":"open","ping_status":"open","sticky":false,"template":"","format":"standard","meta":[],"categories":[4],"tags":[9],"_links":{"self":[{"href":"http:\/\/www.lilec.it\/idear\/index.php?rest_route=\/wp\/v2\/posts\/296"}],"collection":[{"href":"http:\/\/www.lilec.it\/idear\/index.php?rest_route=\/wp\/v2\/posts"}],"about":[{"href":"http:\/\/www.lilec.it\/idear\/index.php?rest_route=\/wp\/v2\/types\/post"}],"author":[{"embeddable":true,"href":"http:\/\/www.lilec.it\/idear\/index.php?rest_route=\/wp\/v2\/users\/2"}],"replies":[{"embeddable":true,"href":"http:\/\/www.lilec.it\/idear\/index.php?rest_route=%2Fwp%2Fv2%2Fcomments&post=296"}],"version-history":[{"count":1,"href":"http:\/\/www.lilec.it\/idear\/index.php?rest_route=\/wp\/v2\/posts\/296\/revisions"}],"predecessor-version":[{"id":297,"href":"http:\/\/www.lilec.it\/idear\/index.php?rest_route=\/wp\/v2\/posts\/296\/revisions\/297"}],"wp:attachment":[{"href":"http:\/\/www.lilec.it\/idear\/index.php?rest_route=%2Fwp%2Fv2%2Fmedia&parent=296"}],"wp:term":[{"taxonomy":"category","embeddable":true,"href":"http:\/\/www.lilec.it\/idear\/index.php?rest_route=%2Fwp%2Fv2%2Fcategories&post=296"},{"taxonomy":"post_tag","embeddable":true,"href":"http:\/\/www.lilec.it\/idear\/index.php?rest_route=%2Fwp%2Fv2%2Ftags&post=296"}],"curies":[{"name":"wp","href":"https:\/\/api.w.org\/{rel}","templated":true}]}}